{"id":66,"date":"2018-07-19T09:42:14","date_gmt":"2018-07-19T09:42:14","guid":{"rendered":"http:\/\/pcowloszczowa.pl\/?p=66"},"modified":"2019-01-14T09:56:19","modified_gmt":"2019-01-14T09:56:19","slug":"klauzula-informacyjna","status":"publish","type":"post","link":"http:\/\/pcowloszczowa.pl\/?p=66","title":{"rendered":"Klauzula Informacyjna"},"content":{"rendered":"<p class=\"western\" align=\"center\"><span style=\"font-family: Times New Roman, serif;\"><span style=\"font-size: small;\"><b>KLAUZULA INFORMACYJNA<\/b><\/span><\/span><\/p>\n<p class=\"western\" align=\"justify\"><span style=\"font-family: Times New Roman, serif;\"><span style=\"font-size: small;\">Na podstawie art. 13 Rozporz\u0105dzenia Parlamentu Europejskiego i Rady (UE) 2016\/679 z dnia 27 kwietnia 2016 r. w sprawie ochrony os\u00f3b fizycznych w zwi\u0105zku z przetwarzaniem danych osobowych i w sprawie swobodnego przep\u0142ywu takich danych oraz uchylenia dyrektywy 95\/46\/WE (og\u00f3lne rozporz\u0105dzenie o ochronie danych), publ. Dz. Urz. UE L Nr 119, s. 1 informujemy, i\u017c:<\/span><\/span><\/p>\n<p class=\"western\" align=\"justify\"><a name=\"_GoBack\"><\/a> <span style=\"font-family: Times New Roman, serif;\"><span style=\"font-size: small;\">1) <\/span><\/span><span style=\"font-family: Times New Roman, serif;\"><span style=\"font-size: small;\">Administratorem Pani\/Pana danych osobowych jest Powiatowe Centrum O\u015bwiaty we W\u0142oszczowie ul. Wi\u015bniowa 10 29-100 W\u0142oszczowa<\/span><\/span><\/p>\n<p class=\"western\" align=\"justify\"><span style=\"font-family: Times New Roman, serif;\"><span style=\"font-size: small;\">2) W sprawach z zakresu ochrony danych osobowych mog\u0105 Pa\u0144stwo kontaktowa\u0107 si\u0119<br \/>\nz Inspektorem Ochrony Danych pod adresem e-mail: <a href=\"mailto:inspektor@cbi24.pl\">inspektor@cbi24.pl<\/a>.<\/span><\/span><\/p>\n<p class=\"western\" align=\"justify\"><span style=\"font-family: Times New Roman, serif;\"><span style=\"font-size: small;\">3) Dane osobowe b\u0119d\u0105 przetwarzane w celu realizacji umowy cywilnoprawnej. <\/span><\/span><\/p>\n<p class=\"western\" align=\"justify\"><span style=\"font-family: Times New Roman, serif;\"><span style=\"font-size: small;\">4) Dane osobowe b\u0119d\u0105 przetwarzane przez okres niezb\u0119dny do realizacji ww. celu<br \/>\nz uwzgl\u0119dnieniem okres\u00f3w przechowywania okre\u015blonych w przepisach odr\u0119bnych, w tym przepis\u00f3w archiwalnych. <\/span><\/span><\/p>\n<p class=\"western\" align=\"justify\"><span style=\"font-family: Times New Roman, serif;\"><span style=\"font-size: small;\">5) Podstaw\u0105 prawn\u0105 przetwarzania danych jest art. 6 ust. 1 lit. b) ww. rozporz\u0105dzenia.<\/span><\/span><\/p>\n<p class=\"western\" align=\"justify\"><span style=\"font-family: Times New Roman, serif;\"><span style=\"font-size: small;\">6) Odbiorcami <\/span><\/span><span style=\"font-family: Times New Roman, serif;\"><span style=\"font-size: small;\">Pani\/Pana danych b\u0119d\u0105 podmioty, kt\u00f3re na podstawie zawartych um\u00f3w przetwarzaj\u0105 dane osobowe w imieniu Administratora. <\/span><\/span><\/p>\n<p class=\"western\" align=\"justify\"><span style=\"font-family: Times New Roman, serif;\"><span style=\"font-size: small;\">Osoba, kt\u00f3rej dane dotycz\u0105 ma prawo do:<\/span><\/span><\/p>\n<p class=\"western\" align=\"justify\"><span style=\"font-family: Times New Roman, serif;\"><span style=\"font-size: small;\">-dost\u0119pu do tre\u015bci swoich danych oraz mo\u017cliwo\u015bci ich poprawiania, sprostowania, ograniczenia przetwarzania oraz do przenoszenia swoich danych, a tak\u017ce &#8211; w przypadkach przewidzianych prawem &#8211; prawo do usuni\u0119cia danych i prawo do wniesienia sprzeciwu wobec przetwarzania Pa\u0144stwa danych.<\/span><\/span><\/p>\n<p class=\"western\" align=\"justify\"><a name=\"_Hlk515218261\"><\/a> <span style=\"font-family: Times New Roman, serif;\"><span style=\"font-size: small;\">&#8211; wniesienia skargi do organu nadzorczego <\/span><\/span><span style=\"font-family: Times New Roman, serif;\"><span style=\"font-size: small;\">w przypadku gdy przetwarzanie danych odbywa si\u0119<br \/>\nz naruszeniem przepis\u00f3w powy\u017cszego rozporz\u0105dzenia<\/span><\/span><span style=\"font-family: Times New Roman, serif;\"><span style=\"font-size: small;\"> tj. Prezesa Urz\u0119du Ochrony Danych Osobowych, ul. Stawki 2, 00-193 Warszawa<\/span><\/span><\/p>\n<p class=\"western\" align=\"justify\"><span style=\"font-family: Times New Roman, serif;\"><span style=\"font-size: small;\">Podanie danych osobowych jest warunkiem zawarcia umowy cywilnoprawnej. Osoba, kt\u00f3rej dane dotycz\u0105 jest zobowi\u0105zana do ich podania. Konsekwencj\u0105 niepodania danych osobowych jest brak mo\u017cliwo\u015bci zawarcia umowy.<\/span><\/span><\/p>\n<p class=\"western\" align=\"justify\"><span style=\"font-family: Times New Roman, serif;\"><span style=\"font-size: small;\">Ponadto informujemy, i\u017c w zwi\u0105zku z przetwarzaniem Pani\/Pana danych osobowych nie podlega Pan\/Pani decyzjom, kt\u00f3re si\u0119 opieraj\u0105 wy\u0142\u0105cznie na zautomatyzowanym przetwarzaniu, w tym profilowaniu, o czym stanowi art. 22 og\u00f3lnego rozporz\u0105dzenia<br \/>\no ochronie danych osobowych. <\/span><\/span><\/p>\n<p class=\"western\" align=\"justify\"><span style=\"font-family: Times New Roman, serif;\">Zgodnie z art. 13 ust. 1 i ust. 2 Rozporz\u0105dzenia Parlamentu Europejskiego i Rady (UE) 2016\/679 z dnia 27 kwietnia 2016 r. w sprawie ochrony os\u00f3b fizycznych w zwi\u0105zku<br \/>\nz przetwarzaniem danych osobowych i w sprawie swobodnego przep\u0142ywu takich danych oraz uchylenia dyrektywy 95\/46\/WE (og\u00f3lne rozporz\u0105dzenie o ochronie danych) og\u00f3lnego rozporz\u0105dzenia o ochronie danych osobowych z dnia 27 kwietnia 2016 r. informuj\u0119, i\u017c:<\/span><\/p>\n<ol>\n<li>\n<p class=\"western\" align=\"justify\"><a name=\"_GoBack\"><\/a><a name=\"__DdeLink__2296_3420720245\"><\/a> <span style=\"font-family: Times New Roman, serif;\">Administratorem Pani\/Pana danych osobowych jest <\/span><span style=\"font-family: Times New Roman, serif;\">Powiatowe Centrum O\u015bwiaty we W\u0142oszczowie ; ul. Wi\u015bniowa 10 ; 29-100 W\u0142oszczowa<\/span><\/p>\n<\/li>\n<li>\n<p class=\"western\" align=\"justify\"><span style=\"font-family: Times New Roman, serif;\">W sprawach z zakresu ochrony danych osobowych mog\u0105 Pa\u0144stwo kontaktowa\u0107 si\u0119 z Inspektorem Ochrony Danych<\/span><b> <\/b><span style=\"font-family: Times New Roman, serif;\"><b>Dariuszem Pada\u0142\u0105 telefon 575 001 259<\/b><\/span> <span style=\"font-family: Times New Roman, serif;\">pod adresem e-mail: <\/span><span style=\"color: #0000ff;\"><u><a href=\"mailto:inspektor@cbi24.pl\"><span style=\"font-family: Times New Roman, serif;\">inspektor@cbi24.pl<\/span><\/a><\/u><\/span><span style=\"font-family: Times New Roman, serif;\">.<\/span><\/p>\n<\/li>\n<li>\n<p class=\"western\" align=\"justify\"><span style=\"font-family: Times New Roman, serif;\">Dane osobowe b\u0119d\u0105 przetwarzane w celu<\/span><span style=\"font-family: Times New Roman, serif;\"> realizacji obowi\u0105zk\u00f3w prawnych ci\u0105\u017c\u0105cych na Administratorze.<\/span><\/p>\n<\/li>\n<li>\n<p class=\"western\" align=\"justify\"><span style=\"font-family: Times New Roman, serif;\">Dane osobowe b\u0119d\u0105 przetwarzane przez okres niezb\u0119dny do realizacji ww. celu z uwzgl\u0119dnieniem okres\u00f3w przechowywania okre\u015blonych w przepisach odr\u0119bnych, w tym przepis\u00f3w archiwalnych. <\/span><\/p>\n<\/li>\n<li>\n<p class=\"western\" align=\"justify\"><span style=\"font-family: Times New Roman, serif;\">Podstaw\u0105 prawn\u0105 przetwarzania danych jest art. 6 ust. 1 lit. c) ww. Rozporz\u0105dzenia. <\/span><\/p>\n<\/li>\n<li>\n<p class=\"western\" align=\"justify\"><span style=\"font-family: Times New Roman, serif;\">Odbiorcami Pani\/Pana danych b\u0119d\u0105 podmioty, kt\u00f3re na podstawie zawartych um\u00f3w przetwarzaj\u0105 dane osobowe w imieniu Administratora. <\/span><\/p>\n<\/li>\n<li>\n<p class=\"western\" align=\"justify\"><span style=\"font-family: Times New Roman, serif;\">Osoba, kt\u00f3rej dane dotycz\u0105 ma prawo do:<\/span><\/p>\n<\/li>\n<\/ol>\n<p class=\"western\" align=\"justify\"><span style=\"font-family: Times New Roman, serif;\">&#8211; dost\u0119pu do tre\u015bci swoich danych oraz mo\u017cliwo\u015bci ich poprawiania, sprostowania, ograniczenia przetwarzania, a tak\u017ce &#8211; w przypadkach przewidzianych prawem &#8211; prawo do usuni\u0119cia danych i prawo do wniesienia sprzeciwu wobec przetwarzania Pa\u0144stwa danych.<\/span><\/p>\n<p class=\"western\" align=\"justify\"><a name=\"_Hlk515218261\"><\/a> <span style=\"font-family: Times New Roman, serif;\">&#8211; wniesienia skargi do organu nadzorczego <\/span><span style=\"font-family: Times New Roman, serif;\">w przypadku gdy przetwarzanie danych odbywa si\u0119<br \/>\nz naruszeniem przepis\u00f3w powy\u017cszego rozporz\u0105dzenia<\/span><span style=\"font-family: Times New Roman, serif;\"> tj. Prezesa Urz\u0119du Ochrony Danych Osobowych,<br \/>\nul. Stawki 2, 00-193 Warszawa.<\/span><\/p>\n<p class=\"western\" align=\"justify\"><span style=\"font-family: Times New Roman, serif;\">Ponadto informujemy, i\u017c w zwi\u0105zku z przetwarzaniem Pani\/Pana danych osobowych nie podlega Pan\/Pani decyzjom, kt\u00f3re si\u0119 opieraj\u0105 wy\u0142\u0105cznie na zautomatyzowanym przetwarzaniu, w tym profilowaniu, o czym stanowi art. 22 og\u00f3lnego rozporz\u0105dzenia o ochronie danych osobowych. <\/span><\/p>\n","protected":false},"excerpt":{"rendered":"<p>KLAUZULA INFORMACYJNA Na podstawie art. 13 Rozporz\u0105dzenia Parlamentu Europejskiego i Rady (UE) 2016\/679 z dnia 27 kwietnia 2016 r. w sprawie ochrony os\u00f3b fizycznych w zwi\u0105zku z przetwarzaniem danych osobowych i w sprawie swobodnego przep\u0142ywu takich danych oraz uchylenia dyrektywy 95\/46\/WE (og\u00f3lne rozporz\u0105dzenie o ochronie danych), publ. Dz. Urz. UE L Nr 119, s. 1&hellip; <span class=\"kuorinka-read-more\"><a href=\"http:\/\/pcowloszczowa.pl\/?p=66\" class=\"more-link\">Czytaj dalej <span class=\"screen-reader-text\">Klauzula Informacyjna<\/span><\/a><\/span><\/p>\n","protected":false},"author":1,"featured_media":0,"comment_status":"closed","ping_status":"closed","sticky":false,"template":"","format":"standard","meta":[],"categories":[1],"tags":[],"_links":{"self":[{"href":"http:\/\/pcowloszczowa.pl\/index.php?rest_route=\/wp\/v2\/posts\/66"}],"collection":[{"href":"http:\/\/pcowloszczowa.pl\/index.php?rest_route=\/wp\/v2\/posts"}],"about":[{"href":"http:\/\/pcowloszczowa.pl\/index.php?rest_route=\/wp\/v2\/types\/post"}],"author":[{"embeddable":true,"href":"http:\/\/pcowloszczowa.pl\/index.php?rest_route=\/wp\/v2\/users\/1"}],"replies":[{"embeddable":true,"href":"http:\/\/pcowloszczowa.pl\/index.php?rest_route=%2Fwp%2Fv2%2Fcomments&post=66"}],"version-history":[{"count":3,"href":"http:\/\/pcowloszczowa.pl\/index.php?rest_route=\/wp\/v2\/posts\/66\/revisions"}],"predecessor-version":[{"id":83,"href":"http:\/\/pcowloszczowa.pl\/index.php?rest_route=\/wp\/v2\/posts\/66\/revisions\/83"}],"wp:attachment":[{"href":"http:\/\/pcowloszczowa.pl\/index.php?rest_route=%2Fwp%2Fv2%2Fmedia&parent=66"}],"wp:term":[{"taxonomy":"category","embeddable":true,"href":"http:\/\/pcowloszczowa.pl\/index.php?rest_route=%2Fwp%2Fv2%2Fcategories&post=66"},{"taxonomy":"post_tag","embeddable":true,"href":"http:\/\/pcowloszczowa.pl\/index.php?rest_route=%2Fwp%2Fv2%2Ftags&post=66"}],"curies":[{"name":"wp","href":"https:\/\/api.w.org\/{rel}","templated":true}]}}